{"id":3574,"date":"2015-06-18T00:08:14","date_gmt":"2015-06-17T23:08:14","guid":{"rendered":"https:\/\/www.silviamancinicakeart.it\/la-musica-in-una-torta\/"},"modified":"2018-03-12T16:35:34","modified_gmt":"2018-03-12T15:35:34","slug":"la-musica-in-una-torta","status":"publish","type":"post","link":"https:\/\/www.silviamancinicakeart.it\/en\/la-musica-in-una-torta\/","title":{"rendered":"LA MUSICA IN UNA TORTA"},"content":{"rendered":"<p>[et_pb_section bb_built=&#8221;1&#8243; fullwidth=&#8221;off&#8221; specialty=&#8221;off&#8221;][et_pb_row][et_pb_column type=&#8221;1_2&#8243;][et_pb_image show_in_lightbox=&#8221;on&#8221; url_new_window=&#8221;off&#8221; animation=&#8221;off&#8221; sticky=&#8221;off&#8221; src=&#8221;https:\/\/www.silviamancinicakeart.it\/wp-content\/uploads\/2015\/06\/farfalle.jpg&#8221; \/][\/et_pb_column][et_pb_column type=&#8221;1_2&#8243;][et_pb_text background_layout=&#8221;light&#8221; text_orientation=&#8221;left&#8221;]<\/p>\n<p><em>Buongiorno,<\/em><br \/>\n<em>quello che vi presento oggi \u00e8 un lavoro frutto di un esperimento ..<\/em><br \/>\n<em>Nonostante il periodo non sia dei migliori per realizzare torte cos\u00ec strutturate ed elaborate, causa caldo ed umidit\u00e0, l\u2019ho voluta rischiare; in fondo era per una giusta causa\u2026il saggio di musica di fine anno di mia figlia. <\/em><br \/>\n<em>La maestra ha voluto organizzare un evento diverso, offrendo a tutti i presenti un buffet finale con torta.<\/em><br \/>\n<em>Non aveva grandi esigenze, in pratica avevo carta bianca e cos\u00ec ho voluto provare a ricreare l\u2019effetto delle farfalle che volano intorno alla torta ..ma non le solite farfalline attaccate ad essa. <\/em><br \/>\n<em>Infatti nella mia mente immaginavo uno sciame che sfiorasse il dolce e in alcuni punti ci si posasse.<\/em><\/p>\n<p><em>L\u2019unica soluzione per riuscire a ricreare quest\u2019effetto era di realizzare le farfalle in waferpaper, per via della leggerezza e della versatilit\u00e0 di questo materiale, e di attaccarle ad una struttura composta da due fil di ferro paralleli uniti da dei fogli di wafer, come a creare una rotaia.<\/em><\/p>\n<p>[\/et_pb_text][\/et_pb_column][\/et_pb_row][et_pb_row][et_pb_column type=&#8221;1_2&#8243;][et_pb_text background_layout=&#8221;light&#8221; text_orientation=&#8221;left&#8221;]<\/p>\n<p><em>Sapete, tra l\u2019immaginazione e la realt\u00e0 c\u2019\u00e8 sempre bisogno di una buona dose di adattamento e di pazzia e alla fine non sai mai se la cosa funzioner\u00e0, ecco perch\u00e9 in questi casi avere pronto anche il piano B \u00e8 essenziale!Il mio, di piano B, consisteva nell\u2019 attaccare le mie farfalline direttamente sulla torta\u2026 ma di sicuro non sarebbe stata la stessa cosa. <\/em><br \/>\n<em>Per fortuna \u00e8 andato tutto per il meglio e ho potuto realizzare la torta cos\u00ec come avevo immaginato! <\/em><br \/>\n<em>L\u2019effetto era quasi quello desiderato, diciamo che la tecnica funziona e si pu\u00f2 perfezionare. <\/em><br \/>\n<em>In conclusione mi posso ritenere soddisfattissima ! <\/em><br \/>\n<em>Fatemi sapere se qualche coraggioso tra di voi vuole provare la tecnica e magari suggerirmi dei trucchetti per migliorarla! <\/em><br \/>\n<em>Alla prossima,<\/em><br \/>\n<em>Silvia M.<\/em><\/p>\n<p>[\/et_pb_text][\/et_pb_column][et_pb_column type=&#8221;1_2&#8243;][et_pb_image show_in_lightbox=&#8221;on&#8221; url_new_window=&#8221;off&#8221; animation=&#8221;off&#8221; sticky=&#8221;off&#8221; src=&#8221;https:\/\/www.silviamancinicakeart.it\/wp-content\/uploads\/2015\/06\/particolare-farfalle.jpg&#8221; \/][\/et_pb_column][\/et_pb_row][\/et_pb_section]<\/p>\n","protected":false},"excerpt":{"rendered":"<p>Nuove tecniche da sperimentare&#8230;un vortice di farfalle in waferpaper!! <\/p>\n","protected":false},"author":2,"featured_media":2876,"comment_status":"open","ping_status":"closed","sticky":false,"template":"","format":"standard","meta":{"_et_pb_use_builder":"on","_et_pb_old_content":"[et_pb_section fullwidth=\"off\" specialty=\"on\"][et_pb_column type=\"3_4\" specialty_columns=\"3\"][et_pb_row_inner][et_pb_column_inner type=\"1_2\"][et_pb_image admin_label=\"Immagine\" show_in_lightbox=\"on\" url_new_window=\"off\" animation=\"off\" sticky=\"off\" src=\"https:\/\/www.silviamancinicakeart.it\/wp-content\/uploads\/2015\/06\/farfalle.jpg\" \/][\/et_pb_column_inner][et_pb_column_inner type=\"1_2\"][et_pb_text admin_label=\"Testo\" background_layout=\"light\" text_orientation=\"left\"]\r\n\r\n<em>Buongiorno,<\/em>\r\n<em>quello che vi presento oggi \u00e8 un lavoro frutto di un esperimento ..<\/em>\r\n<em>Nonostante il periodo non sia dei migliori per realizzare torte cos\u00ec strutturate ed elaborate, causa caldo ed umidit\u00e0, l\u2019ho voluta rischiare; in fondo era per una giusta causa\u2026il saggio di musica di fine anno di mia figlia. <\/em>\r\n<em>La maestra ha voluto organizzare un evento diverso, offrendo a tutti i presenti un buffet finale con torta.<\/em>\r\n<em>Non aveva grandi esigenze, in pratica avevo carta bianca e cos\u00ec ho voluto provare a ricreare l\u2019effetto delle farfalle che volano intorno alla torta ..ma non le solite farfalline attaccate ad essa. <\/em>\r\n<em>Infatti nella mia mente immaginavo uno sciame che sfiorasse il dolce e in alcuni punti ci si posasse.<\/em>\r\n\r\n<em>L\u2019unica soluzione per riuscire a ricreare quest\u2019effetto era di realizzare le farfalle in waferpaper, per via della leggerezza e della versatilit\u00e0 di questo materiale, e di attaccarle ad una struttura composta da due fil di ferro paralleli uniti da dei fogli di wafer, come a creare una rotaia.<\/em>\r\n\r\n[\/et_pb_text][\/et_pb_column_inner][\/et_pb_row_inner][et_pb_row_inner][et_pb_column_inner type=\"1_2\"][et_pb_text admin_label=\"Testo\" background_layout=\"light\" text_orientation=\"left\"]\r\n\r\n<em>Sapete, tra l\u2019immaginazione e la realt\u00e0 c\u2019\u00e8 sempre bisogno di una buona dose di adattamento e di pazzia e alla fine non sai mai se la cosa funzioner\u00e0, ecco perch\u00e9 in questi casi avere pronto anche il piano B \u00e8 essenziale!Il mio, di piano B, consisteva nell\u2019 attaccare le mie farfalline direttamente sulla torta\u2026 ma di sicuro non sarebbe stata la stessa cosa. <\/em>\r\n<em>Per fortuna \u00e8 andato tutto per il meglio e ho potuto realizzare la torta cos\u00ec come avevo immaginato! <\/em>\r\n<em>L\u2019effetto era quasi quello desiderato, diciamo che la tecnica funziona e si pu\u00f2 perfezionare. <\/em>\r\n<em>In conclusione mi posso ritenere soddisfattissima ! <\/em>\r\n<em>Fatemi sapere se qualche coraggioso tra di voi vuole provare la tecnica e magari suggerirmi dei trucchetti per migliorarla! <\/em>\r\n<em>Alla prossima,<\/em>\r\n<em>Silvia M.<\/em>\r\n\r\n[\/et_pb_text][\/et_pb_column_inner][et_pb_column_inner type=\"1_2\"][et_pb_image admin_label=\"Immagine\" show_in_lightbox=\"on\" url_new_window=\"off\" animation=\"off\" sticky=\"off\" src=\"https:\/\/www.silviamancinicakeart.it\/wp-content\/uploads\/2015\/06\/particolare-farfalle.jpg\" \/][\/et_pb_column_inner][\/et_pb_row_inner][\/et_pb_column][et_pb_column type=\"1_4\"][et_pb_sidebar admin_label=\"Barra Laterale\" orientation=\"left\" area=\"sidebar-1\" background_layout=\"light\" \/][\/et_pb_column][\/et_pb_section]","_et_gb_content_width":"","ngg_post_thumbnail":0,"footnotes":""},"categories":[281],"tags":[441,331,442,443,298,308,444],"class_list":["post-3574","post","type-post","status-publish","format-standard","has-post-thumbnail","hentry","category-blog-en","tag-butterfly-en","tag-decorazione-en","tag-farfalle-en","tag-note-en","tag-silvia-mancini-en","tag-torta-en","tag-waferpaper-en"],"yoast_head":"<!-- This site is optimized with the Yoast SEO plugin v23.9 - https:\/\/yoast.com\/wordpress\/plugins\/seo\/ -->\n<title>LA MUSICA IN UNA TORTA - Silvia Mancini Cake Art &amp; Accessories<\/title>\n<meta name=\"robots\" content=\"index, follow, max-snippet:-1, max-image-preview:large, max-video-preview:-1\" \/>\n<link rel=\"canonical\" href=\"https:\/\/www.silviamancinicakeart.it\/en\/la-musica-in-una-torta\/\" \/>\n<meta property=\"og:locale\" content=\"en_US\" \/>\n<meta property=\"og:type\" content=\"article\" \/>\n<meta property=\"og:title\" content=\"LA MUSICA IN UNA TORTA - Silvia Mancini Cake Art &amp; Accessories\" \/>\n<meta property=\"og:description\" content=\"Nuove tecniche da sperimentare...un vortice di farfalle in waferpaper!!\" \/>\n<meta property=\"og:url\" content=\"https:\/\/www.silviamancinicakeart.it\/en\/la-musica-in-una-torta\/\" \/>\n<meta property=\"og:site_name\" content=\"Silvia Mancini Cake Art &amp; Accessories\" \/>\n<meta property=\"article:publisher\" content=\"http:\/\/www.facebook.com\/SilviaManciniCakeArt\" \/>\n<meta property=\"article:published_time\" content=\"2015-06-17T23:08:14+00:00\" \/>\n<meta property=\"article:modified_time\" content=\"2018-03-12T15:35:34+00:00\" \/>\n<meta property=\"og:image\" content=\"https:\/\/www.silviamancinicakeart.it\/wp-content\/uploads\/2015\/06\/particolare-farfalle.jpg\" \/>\n\t<meta property=\"og:image:width\" content=\"1500\" \/>\n\t<meta property=\"og:image:height\" content=\"997\" \/>\n\t<meta property=\"og:image:type\" content=\"image\/jpeg\" \/>\n<meta name=\"author\" content=\"Silvia Mancini\" \/>\n<meta name=\"twitter:label1\" content=\"Written by\" \/>\n\t<meta name=\"twitter:data1\" content=\"Silvia Mancini\" \/>\n\t<meta name=\"twitter:label2\" content=\"Est. reading time\" \/>\n\t<meta name=\"twitter:data2\" content=\"2 minutes\" \/>\n<script type=\"application\/ld+json\" class=\"yoast-schema-graph\">{\"@context\":\"https:\/\/schema.org\",\"@graph\":[{\"@type\":\"Article\",\"@id\":\"https:\/\/www.silviamancinicakeart.it\/en\/la-musica-in-una-torta\/#article\",\"isPartOf\":{\"@id\":\"https:\/\/www.silviamancinicakeart.it\/en\/la-musica-in-una-torta\/\"},\"author\":{\"name\":\"Silvia Mancini\",\"@id\":\"https:\/\/www.silviamancinicakeart.it\/#\/schema\/person\/034eafa6fa8e2ed43c4b2a9182864a83\"},\"headline\":\"LA MUSICA IN UNA TORTA\",\"datePublished\":\"2015-06-17T23:08:14+00:00\",\"dateModified\":\"2018-03-12T15:35:34+00:00\",\"mainEntityOfPage\":{\"@id\":\"https:\/\/www.silviamancinicakeart.it\/en\/la-musica-in-una-torta\/\"},\"wordCount\":424,\"commentCount\":0,\"publisher\":{\"@id\":\"https:\/\/www.silviamancinicakeart.it\/#organization\"},\"image\":{\"@id\":\"https:\/\/www.silviamancinicakeart.it\/en\/la-musica-in-una-torta\/#primaryimage\"},\"thumbnailUrl\":\"https:\/\/www.silviamancinicakeart.it\/wp-content\/uploads\/2015\/06\/particolare-farfalle.jpg\",\"keywords\":[\"butterfly\",\"decorazione\",\"farfalle\",\"note\",\"Silvia Mancini\",\"torta\",\"waferpaper\"],\"articleSection\":[\"Blog\"],\"inLanguage\":\"en-US\",\"potentialAction\":[{\"@type\":\"CommentAction\",\"name\":\"Comment\",\"target\":[\"https:\/\/www.silviamancinicakeart.it\/en\/la-musica-in-una-torta\/#respond\"]}]},{\"@type\":\"WebPage\",\"@id\":\"https:\/\/www.silviamancinicakeart.it\/en\/la-musica-in-una-torta\/\",\"url\":\"https:\/\/www.silviamancinicakeart.it\/en\/la-musica-in-una-torta\/\",\"name\":\"LA MUSICA IN UNA TORTA - Silvia Mancini Cake Art &amp; Accessories\",\"isPartOf\":{\"@id\":\"https:\/\/www.silviamancinicakeart.it\/#website\"},\"primaryImageOfPage\":{\"@id\":\"https:\/\/www.silviamancinicakeart.it\/en\/la-musica-in-una-torta\/#primaryimage\"},\"image\":{\"@id\":\"https:\/\/www.silviamancinicakeart.it\/en\/la-musica-in-una-torta\/#primaryimage\"},\"thumbnailUrl\":\"https:\/\/www.silviamancinicakeart.it\/wp-content\/uploads\/2015\/06\/particolare-farfalle.jpg\",\"datePublished\":\"2015-06-17T23:08:14+00:00\",\"dateModified\":\"2018-03-12T15:35:34+00:00\",\"breadcrumb\":{\"@id\":\"https:\/\/www.silviamancinicakeart.it\/en\/la-musica-in-una-torta\/#breadcrumb\"},\"inLanguage\":\"en-US\",\"potentialAction\":[{\"@type\":\"ReadAction\",\"target\":[\"https:\/\/www.silviamancinicakeart.it\/en\/la-musica-in-una-torta\/\"]}]},{\"@type\":\"ImageObject\",\"inLanguage\":\"en-US\",\"@id\":\"https:\/\/www.silviamancinicakeart.it\/en\/la-musica-in-una-torta\/#primaryimage\",\"url\":\"https:\/\/www.silviamancinicakeart.it\/wp-content\/uploads\/2015\/06\/particolare-farfalle.jpg\",\"contentUrl\":\"https:\/\/www.silviamancinicakeart.it\/wp-content\/uploads\/2015\/06\/particolare-farfalle.jpg\",\"width\":1500,\"height\":997},{\"@type\":\"BreadcrumbList\",\"@id\":\"https:\/\/www.silviamancinicakeart.it\/en\/la-musica-in-una-torta\/#breadcrumb\",\"itemListElement\":[{\"@type\":\"ListItem\",\"position\":1,\"name\":\"Home\",\"item\":\"https:\/\/www.silviamancinicakeart.it\/en\/\"},{\"@type\":\"ListItem\",\"position\":2,\"name\":\"LA MUSICA IN UNA TORTA\"}]},{\"@type\":\"WebSite\",\"@id\":\"https:\/\/www.silviamancinicakeart.it\/#website\",\"url\":\"https:\/\/www.silviamancinicakeart.it\/\",\"name\":\"Silvia Mancini Cake Art &amp; Accessories\",\"description\":\"Cake Art\",\"publisher\":{\"@id\":\"https:\/\/www.silviamancinicakeart.it\/#organization\"},\"potentialAction\":[{\"@type\":\"SearchAction\",\"target\":{\"@type\":\"EntryPoint\",\"urlTemplate\":\"https:\/\/www.silviamancinicakeart.it\/?s={search_term_string}\"},\"query-input\":{\"@type\":\"PropertyValueSpecification\",\"valueRequired\":true,\"valueName\":\"search_term_string\"}}],\"inLanguage\":\"en-US\"},{\"@type\":\"Organization\",\"@id\":\"https:\/\/www.silviamancinicakeart.it\/#organization\",\"name\":\"Silvia Mancini Cake Art &amp; Accessories\",\"url\":\"https:\/\/www.silviamancinicakeart.it\/\",\"logo\":{\"@type\":\"ImageObject\",\"inLanguage\":\"en-US\",\"@id\":\"https:\/\/www.silviamancinicakeart.it\/#\/schema\/logo\/image\/\",\"url\":\"https:\/\/www.silviamancinicakeart.it\/wp-content\/uploads\/2015\/02\/logo.png\",\"contentUrl\":\"https:\/\/www.silviamancinicakeart.it\/wp-content\/uploads\/2015\/02\/logo.png\",\"width\":177,\"height\":180,\"caption\":\"Silvia Mancini Cake Art &amp; Accessories\"},\"image\":{\"@id\":\"https:\/\/www.silviamancinicakeart.it\/#\/schema\/logo\/image\/\"},\"sameAs\":[\"http:\/\/www.facebook.com\/SilviaManciniCakeArt\",\"http:\/\/www.instagram.com\/Silviamancini_cakeart\/\",\"http:\/\/it.pinterest.com\/smancinicakeart\/\",\"http:\/\/www.youtube.com\/channel\/UCe4p-i_JuZwqQZyFKMZTzAA\"]},{\"@type\":\"Person\",\"@id\":\"https:\/\/www.silviamancinicakeart.it\/#\/schema\/person\/034eafa6fa8e2ed43c4b2a9182864a83\",\"name\":\"Silvia Mancini\"}]}<\/script>\n<!-- \/ Yoast SEO plugin. -->","yoast_head_json":{"title":"LA MUSICA IN UNA TORTA - Silvia Mancini Cake Art &amp; Accessories","robots":{"index":"index","follow":"follow","max-snippet":"max-snippet:-1","max-image-preview":"max-image-preview:large","max-video-preview":"max-video-preview:-1"},"canonical":"https:\/\/www.silviamancinicakeart.it\/en\/la-musica-in-una-torta\/","og_locale":"en_US","og_type":"article","og_title":"LA MUSICA IN UNA TORTA - Silvia Mancini Cake Art &amp; Accessories","og_description":"Nuove tecniche da sperimentare...un vortice di farfalle in waferpaper!!","og_url":"https:\/\/www.silviamancinicakeart.it\/en\/la-musica-in-una-torta\/","og_site_name":"Silvia Mancini Cake Art &amp; Accessories","article_publisher":"http:\/\/www.facebook.com\/SilviaManciniCakeArt","article_published_time":"2015-06-17T23:08:14+00:00","article_modified_time":"2018-03-12T15:35:34+00:00","og_image":[{"width":1500,"height":997,"url":"https:\/\/www.silviamancinicakeart.it\/wp-content\/uploads\/2015\/06\/particolare-farfalle.jpg","type":"image\/jpeg"}],"author":"Silvia Mancini","twitter_misc":{"Written by":"Silvia Mancini","Est. reading time":"2 minutes"},"schema":{"@context":"https:\/\/schema.org","@graph":[{"@type":"Article","@id":"https:\/\/www.silviamancinicakeart.it\/en\/la-musica-in-una-torta\/#article","isPartOf":{"@id":"https:\/\/www.silviamancinicakeart.it\/en\/la-musica-in-una-torta\/"},"author":{"name":"Silvia Mancini","@id":"https:\/\/www.silviamancinicakeart.it\/#\/schema\/person\/034eafa6fa8e2ed43c4b2a9182864a83"},"headline":"LA MUSICA IN UNA TORTA","datePublished":"2015-06-17T23:08:14+00:00","dateModified":"2018-03-12T15:35:34+00:00","mainEntityOfPage":{"@id":"https:\/\/www.silviamancinicakeart.it\/en\/la-musica-in-una-torta\/"},"wordCount":424,"commentCount":0,"publisher":{"@id":"https:\/\/www.silviamancinicakeart.it\/#organization"},"image":{"@id":"https:\/\/www.silviamancinicakeart.it\/en\/la-musica-in-una-torta\/#primaryimage"},"thumbnailUrl":"https:\/\/www.silviamancinicakeart.it\/wp-content\/uploads\/2015\/06\/particolare-farfalle.jpg","keywords":["butterfly","decorazione","farfalle","note","Silvia Mancini","torta","waferpaper"],"articleSection":["Blog"],"inLanguage":"en-US","potentialAction":[{"@type":"CommentAction","name":"Comment","target":["https:\/\/www.silviamancinicakeart.it\/en\/la-musica-in-una-torta\/#respond"]}]},{"@type":"WebPage","@id":"https:\/\/www.silviamancinicakeart.it\/en\/la-musica-in-una-torta\/","url":"https:\/\/www.silviamancinicakeart.it\/en\/la-musica-in-una-torta\/","name":"LA MUSICA IN UNA TORTA - Silvia Mancini Cake Art &amp; Accessories","isPartOf":{"@id":"https:\/\/www.silviamancinicakeart.it\/#website"},"primaryImageOfPage":{"@id":"https:\/\/www.silviamancinicakeart.it\/en\/la-musica-in-una-torta\/#primaryimage"},"image":{"@id":"https:\/\/www.silviamancinicakeart.it\/en\/la-musica-in-una-torta\/#primaryimage"},"thumbnailUrl":"https:\/\/www.silviamancinicakeart.it\/wp-content\/uploads\/2015\/06\/particolare-farfalle.jpg","datePublished":"2015-06-17T23:08:14+00:00","dateModified":"2018-03-12T15:35:34+00:00","breadcrumb":{"@id":"https:\/\/www.silviamancinicakeart.it\/en\/la-musica-in-una-torta\/#breadcrumb"},"inLanguage":"en-US","potentialAction":[{"@type":"ReadAction","target":["https:\/\/www.silviamancinicakeart.it\/en\/la-musica-in-una-torta\/"]}]},{"@type":"ImageObject","inLanguage":"en-US","@id":"https:\/\/www.silviamancinicakeart.it\/en\/la-musica-in-una-torta\/#primaryimage","url":"https:\/\/www.silviamancinicakeart.it\/wp-content\/uploads\/2015\/06\/particolare-farfalle.jpg","contentUrl":"https:\/\/www.silviamancinicakeart.it\/wp-content\/uploads\/2015\/06\/particolare-farfalle.jpg","width":1500,"height":997},{"@type":"BreadcrumbList","@id":"https:\/\/www.silviamancinicakeart.it\/en\/la-musica-in-una-torta\/#breadcrumb","itemListElement":[{"@type":"ListItem","position":1,"name":"Home","item":"https:\/\/www.silviamancinicakeart.it\/en\/"},{"@type":"ListItem","position":2,"name":"LA MUSICA IN UNA TORTA"}]},{"@type":"WebSite","@id":"https:\/\/www.silviamancinicakeart.it\/#website","url":"https:\/\/www.silviamancinicakeart.it\/","name":"Silvia Mancini Cake Art &amp; Accessories","description":"Cake Art","publisher":{"@id":"https:\/\/www.silviamancinicakeart.it\/#organization"},"potentialAction":[{"@type":"SearchAction","target":{"@type":"EntryPoint","urlTemplate":"https:\/\/www.silviamancinicakeart.it\/?s={search_term_string}"},"query-input":{"@type":"PropertyValueSpecification","valueRequired":true,"valueName":"search_term_string"}}],"inLanguage":"en-US"},{"@type":"Organization","@id":"https:\/\/www.silviamancinicakeart.it\/#organization","name":"Silvia Mancini Cake Art &amp; Accessories","url":"https:\/\/www.silviamancinicakeart.it\/","logo":{"@type":"ImageObject","inLanguage":"en-US","@id":"https:\/\/www.silviamancinicakeart.it\/#\/schema\/logo\/image\/","url":"https:\/\/www.silviamancinicakeart.it\/wp-content\/uploads\/2015\/02\/logo.png","contentUrl":"https:\/\/www.silviamancinicakeart.it\/wp-content\/uploads\/2015\/02\/logo.png","width":177,"height":180,"caption":"Silvia Mancini Cake Art &amp; Accessories"},"image":{"@id":"https:\/\/www.silviamancinicakeart.it\/#\/schema\/logo\/image\/"},"sameAs":["http:\/\/www.facebook.com\/SilviaManciniCakeArt","http:\/\/www.instagram.com\/Silviamancini_cakeart\/","http:\/\/it.pinterest.com\/smancinicakeart\/","http:\/\/www.youtube.com\/channel\/UCe4p-i_JuZwqQZyFKMZTzAA"]},{"@type":"Person","@id":"https:\/\/www.silviamancinicakeart.it\/#\/schema\/person\/034eafa6fa8e2ed43c4b2a9182864a83","name":"Silvia Mancini"}]}},"_links":{"self":[{"href":"https:\/\/www.silviamancinicakeart.it\/en\/wp-json\/wp\/v2\/posts\/3574","targetHints":{"allow":["GET"]}}],"collection":[{"href":"https:\/\/www.silviamancinicakeart.it\/en\/wp-json\/wp\/v2\/posts"}],"about":[{"href":"https:\/\/www.silviamancinicakeart.it\/en\/wp-json\/wp\/v2\/types\/post"}],"author":[{"embeddable":true,"href":"https:\/\/www.silviamancinicakeart.it\/en\/wp-json\/wp\/v2\/users\/2"}],"replies":[{"embeddable":true,"href":"https:\/\/www.silviamancinicakeart.it\/en\/wp-json\/wp\/v2\/comments?post=3574"}],"version-history":[{"count":0,"href":"https:\/\/www.silviamancinicakeart.it\/en\/wp-json\/wp\/v2\/posts\/3574\/revisions"}],"wp:featuredmedia":[{"embeddable":true,"href":"https:\/\/www.silviamancinicakeart.it\/en\/wp-json\/wp\/v2\/media\/2876"}],"wp:attachment":[{"href":"https:\/\/www.silviamancinicakeart.it\/en\/wp-json\/wp\/v2\/media?parent=3574"}],"wp:term":[{"taxonomy":"category","embeddable":true,"href":"https:\/\/www.silviamancinicakeart.it\/en\/wp-json\/wp\/v2\/categories?post=3574"},{"taxonomy":"post_tag","embeddable":true,"href":"https:\/\/www.silviamancinicakeart.it\/en\/wp-json\/wp\/v2\/tags?post=3574"}],"curies":[{"name":"wp","href":"https:\/\/api.w.org\/{rel}","templated":true}]}}